{"id":2670,"date":"2017-09-03T01:33:22","date_gmt":"2017-09-02T23:33:22","guid":{"rendered":"https:\/\/www.anskar.de\/marburg\/?p=2670"},"modified":"2017-10-11T15:47:55","modified_gmt":"2017-10-11T13:47:55","slug":"letzter","status":"publish","type":"post","link":"https:\/\/www.anskar.de\/marburg\/2017\/09\/03\/letzter\/","title":{"rendered":"Letzter"},"content":{"rendered":"<div class=\"entry-content\">\n<blockquote><p><em>\u201eUnd siehe, es sind Letzte, die werden die Ersten sein, und sind Erste, die werden die Letzten sein.\u201c<br \/>\nLukas 13,30<br \/>\nMonatsspruch September<\/em><\/p><\/blockquote>\n<p>Im Sommer hat mein Vater unserem J\u00fcngsten offenbar den Spruch beigebracht: \u201eDie Letzten werden die Ersten sein.\u201c Das bekomme ich jetzt zu h\u00f6ren, wenn ich ihn auf dem Weg zum Kindergarten antreiben will mit dem Hinweis, dass die anderen Kinder bestimmt schon alle da sind. Sehr hilfreich \u2026 (Danke, Papa!)<\/p>\n<p>Aber Jesus geht es in Lukas 13 nicht so sehr um Trost f\u00fcr chronisch Unp\u00fcnktliche (schade \u2026) als um die Erkenntnis: Deine Vergangenheit beherrscht nicht deine Zukunft \u2013 auch nicht deine ewige Zukunft. Nur weil deine Gro\u00dfeltern fromm waren oder du \u201ein die Kirche hineingeboren\u201c wurdest, bringt dich das allein nicht in eine rettende Beziehung mit Jesus. Und nur weil deine Nachbarin f\u00fcr den Glauben immer nur Spott und Hohn oder ein m\u00fcdes L\u00e4cheln \u00fcbrig hatte, ist bei ihr das letzte Wort noch lange nicht gesprochen. Welche Prognose h\u00e4ttest du wohl f\u00fcr Paulus abgegeben \u2013 oder f\u00fcr Judas Iskariot?<\/p>\n<p>Mir sagt das (in den Worten von Paulus): \u201eHabe acht auf dich selbst\u201c \u2013 wie stehe ich vor Gott? Ist meine Beziehung klar? Und: Gib die nicht auf, die Gott noch hineinlieben will in seine Familie. Im Himmel wartet manche \u00dcberraschung auf uns \u2013 wer dort ist, aber auch, wer nicht dort ist.<\/p>\n<p>Das macht mich schon nachdenklich \u2026<\/p>\n<p>Euer Alexander Hirsch<\/p>\n<\/div>\n","protected":false},"excerpt":{"rendered":"<p>\u201eUnd siehe, es sind Letzte, die werden die Ersten sein, und sind Erste, die werden die Letzten sein.\u201c Lukas 13,30 Monatsspruch September Im Sommer hat mein Vater unserem J\u00fcngsten offenbar [&hellip;]<\/p>\n","protected":false},"author":3,"featured_media":2672,"comment_status":"open","ping_status":"open","sticky":false,"template":"","format":"standard","meta":{"_et_pb_use_builder":"","_et_pb_old_content":"","_et_gb_content_width":"","footnotes":""},"categories":[9],"tags":[10,12,11,13,14],"class_list":["post-2670","post","type-post","status-publish","format-standard","has-post-thumbnail","hentry","category-auf-ein-wort","tag-entscheidung","tag-erster","tag-gnade","tag-letzter","tag-zeit"],"yoast_head":"<!-- This site is optimized with the Yoast SEO plugin v24.6 - https:\/\/yoast.com\/wordpress\/plugins\/seo\/ -->\n<title>Letzter - Anskar-Kirche Marburg<\/title>\n<meta name=\"robots\" content=\"index, follow, max-snippet:-1, max-image-preview:large, max-video-preview:-1\" \/>\n<link rel=\"canonical\" href=\"https:\/\/www.anskar.de\/marburg\/2017\/09\/03\/letzter\/\" \/>\n<meta property=\"og:locale\" content=\"de_DE\" \/>\n<meta property=\"og:type\" content=\"article\" \/>\n<meta property=\"og:title\" content=\"Letzter - Anskar-Kirche Marburg\" \/>\n<meta property=\"og:description\" content=\"\u201eUnd siehe, es sind Letzte, die werden die Ersten sein, und sind Erste, die werden die Letzten sein.\u201c Lukas 13,30 Monatsspruch September Im Sommer hat mein Vater unserem J\u00fcngsten offenbar [&hellip;]\" \/>\n<meta property=\"og:url\" content=\"https:\/\/www.anskar.de\/marburg\/2017\/09\/03\/letzter\/\" \/>\n<meta property=\"og:site_name\" content=\"Anskar-Kirche Marburg\" \/>\n<meta property=\"article:published_time\" content=\"2017-09-02T23:33:22+00:00\" \/>\n<meta property=\"article:modified_time\" content=\"2017-10-11T13:47:55+00:00\" \/>\n<meta property=\"og:image\" content=\"https:\/\/www.anskar.de\/marburg\/wp-content\/uploads\/sites\/4\/2017\/10\/time-371226_640.jpg\" \/>\n\t<meta property=\"og:image:width\" content=\"640\" \/>\n\t<meta property=\"og:image:height\" content=\"426\" \/>\n\t<meta property=\"og:image:type\" content=\"image\/jpeg\" \/>\n<meta name=\"author\" content=\"alexanderhirsch\" \/>\n<meta name=\"twitter:card\" content=\"summary_large_image\" \/>\n<meta name=\"twitter:label1\" content=\"Verfasst von\" \/>\n\t<meta name=\"twitter:data1\" content=\"alexanderhirsch\" \/>\n\t<meta name=\"twitter:label2\" content=\"Gesch\u00e4tzte Lesezeit\" \/>\n\t<meta name=\"twitter:data2\" content=\"1\u00a0Minute\" \/>\n<script type=\"application\/ld+json\" class=\"yoast-schema-graph\">{\"@context\":\"https:\/\/schema.org\",\"@graph\":[{\"@type\":\"WebPage\",\"@id\":\"https:\/\/www.anskar.de\/marburg\/2017\/09\/03\/letzter\/\",\"url\":\"https:\/\/www.anskar.de\/marburg\/2017\/09\/03\/letzter\/\",\"name\":\"Letzter - Anskar-Kirche Marburg\",\"isPartOf\":{\"@id\":\"https:\/\/www.anskar.de\/marburg\/#website\"},\"primaryImageOfPage\":{\"@id\":\"https:\/\/www.anskar.de\/marburg\/2017\/09\/03\/letzter\/#primaryimage\"},\"image\":{\"@id\":\"https:\/\/www.anskar.de\/marburg\/2017\/09\/03\/letzter\/#primaryimage\"},\"thumbnailUrl\":\"https:\/\/www.anskar.de\/marburg\/wp-content\/uploads\/sites\/4\/2017\/10\/time-371226_640.jpg\",\"datePublished\":\"2017-09-02T23:33:22+00:00\",\"dateModified\":\"2017-10-11T13:47:55+00:00\",\"author\":{\"@id\":\"https:\/\/www.anskar.de\/marburg\/#\/schema\/person\/0feaf8645c53aa82fe0ef73f9e9b6599\"},\"breadcrumb\":{\"@id\":\"https:\/\/www.anskar.de\/marburg\/2017\/09\/03\/letzter\/#breadcrumb\"},\"inLanguage\":\"de\",\"potentialAction\":[{\"@type\":\"ReadAction\",\"target\":[\"https:\/\/www.anskar.de\/marburg\/2017\/09\/03\/letzter\/\"]}]},{\"@type\":\"ImageObject\",\"inLanguage\":\"de\",\"@id\":\"https:\/\/www.anskar.de\/marburg\/2017\/09\/03\/letzter\/#primaryimage\",\"url\":\"https:\/\/www.anskar.de\/marburg\/wp-content\/uploads\/sites\/4\/2017\/10\/time-371226_640.jpg\",\"contentUrl\":\"https:\/\/www.anskar.de\/marburg\/wp-content\/uploads\/sites\/4\/2017\/10\/time-371226_640.jpg\",\"width\":640,\"height\":426},{\"@type\":\"BreadcrumbList\",\"@id\":\"https:\/\/www.anskar.de\/marburg\/2017\/09\/03\/letzter\/#breadcrumb\",\"itemListElement\":[{\"@type\":\"ListItem\",\"position\":1,\"name\":\"Startseite\",\"item\":\"https:\/\/www.anskar.de\/marburg\/\"},{\"@type\":\"ListItem\",\"position\":2,\"name\":\"Letzter\"}]},{\"@type\":\"WebSite\",\"@id\":\"https:\/\/www.anskar.de\/marburg\/#website\",\"url\":\"https:\/\/www.anskar.de\/marburg\/\",\"name\":\"Anskar-Kirche Marburg\",\"description\":\"Internationale Gemeinde\",\"potentialAction\":[{\"@type\":\"SearchAction\",\"target\":{\"@type\":\"EntryPoint\",\"urlTemplate\":\"https:\/\/www.anskar.de\/marburg\/?s={search_term_string}\"},\"query-input\":{\"@type\":\"PropertyValueSpecification\",\"valueRequired\":true,\"valueName\":\"search_term_string\"}}],\"inLanguage\":\"de\"},{\"@type\":\"Person\",\"@id\":\"https:\/\/www.anskar.de\/marburg\/#\/schema\/person\/0feaf8645c53aa82fe0ef73f9e9b6599\",\"name\":\"alexanderhirsch\",\"image\":{\"@type\":\"ImageObject\",\"inLanguage\":\"de\",\"@id\":\"https:\/\/www.anskar.de\/marburg\/#\/schema\/person\/image\/\",\"url\":\"https:\/\/secure.gravatar.com\/avatar\/877acaf6a4fbc06969a1f855229c8e51?s=96&d=mm&r=g\",\"contentUrl\":\"https:\/\/secure.gravatar.com\/avatar\/877acaf6a4fbc06969a1f855229c8e51?s=96&d=mm&r=g\",\"caption\":\"alexanderhirsch\"},\"url\":\"https:\/\/www.anskar.de\/marburg\/author\/alexanderhirsch\/\"}]}<\/script>\n<!-- \/ Yoast SEO plugin. -->","yoast_head_json":{"title":"Letzter - Anskar-Kirche Marburg","robots":{"index":"index","follow":"follow","max-snippet":"max-snippet:-1","max-image-preview":"max-image-preview:large","max-video-preview":"max-video-preview:-1"},"canonical":"https:\/\/www.anskar.de\/marburg\/2017\/09\/03\/letzter\/","og_locale":"de_DE","og_type":"article","og_title":"Letzter - Anskar-Kirche Marburg","og_description":"\u201eUnd siehe, es sind Letzte, die werden die Ersten sein, und sind Erste, die werden die Letzten sein.\u201c Lukas 13,30 Monatsspruch September Im Sommer hat mein Vater unserem J\u00fcngsten offenbar [&hellip;]","og_url":"https:\/\/www.anskar.de\/marburg\/2017\/09\/03\/letzter\/","og_site_name":"Anskar-Kirche Marburg","article_published_time":"2017-09-02T23:33:22+00:00","article_modified_time":"2017-10-11T13:47:55+00:00","og_image":[{"width":640,"height":426,"url":"https:\/\/www.anskar.de\/marburg\/wp-content\/uploads\/sites\/4\/2017\/10\/time-371226_640.jpg","type":"image\/jpeg"}],"author":"alexanderhirsch","twitter_card":"summary_large_image","twitter_misc":{"Verfasst von":"alexanderhirsch","Gesch\u00e4tzte Lesezeit":"1\u00a0Minute"},"schema":{"@context":"https:\/\/schema.org","@graph":[{"@type":"WebPage","@id":"https:\/\/www.anskar.de\/marburg\/2017\/09\/03\/letzter\/","url":"https:\/\/www.anskar.de\/marburg\/2017\/09\/03\/letzter\/","name":"Letzter - Anskar-Kirche Marburg","isPartOf":{"@id":"https:\/\/www.anskar.de\/marburg\/#website"},"primaryImageOfPage":{"@id":"https:\/\/www.anskar.de\/marburg\/2017\/09\/03\/letzter\/#primaryimage"},"image":{"@id":"https:\/\/www.anskar.de\/marburg\/2017\/09\/03\/letzter\/#primaryimage"},"thumbnailUrl":"https:\/\/www.anskar.de\/marburg\/wp-content\/uploads\/sites\/4\/2017\/10\/time-371226_640.jpg","datePublished":"2017-09-02T23:33:22+00:00","dateModified":"2017-10-11T13:47:55+00:00","author":{"@id":"https:\/\/www.anskar.de\/marburg\/#\/schema\/person\/0feaf8645c53aa82fe0ef73f9e9b6599"},"breadcrumb":{"@id":"https:\/\/www.anskar.de\/marburg\/2017\/09\/03\/letzter\/#breadcrumb"},"inLanguage":"de","potentialAction":[{"@type":"ReadAction","target":["https:\/\/www.anskar.de\/marburg\/2017\/09\/03\/letzter\/"]}]},{"@type":"ImageObject","inLanguage":"de","@id":"https:\/\/www.anskar.de\/marburg\/2017\/09\/03\/letzter\/#primaryimage","url":"https:\/\/www.anskar.de\/marburg\/wp-content\/uploads\/sites\/4\/2017\/10\/time-371226_640.jpg","contentUrl":"https:\/\/www.anskar.de\/marburg\/wp-content\/uploads\/sites\/4\/2017\/10\/time-371226_640.jpg","width":640,"height":426},{"@type":"BreadcrumbList","@id":"https:\/\/www.anskar.de\/marburg\/2017\/09\/03\/letzter\/#breadcrumb","itemListElement":[{"@type":"ListItem","position":1,"name":"Startseite","item":"https:\/\/www.anskar.de\/marburg\/"},{"@type":"ListItem","position":2,"name":"Letzter"}]},{"@type":"WebSite","@id":"https:\/\/www.anskar.de\/marburg\/#website","url":"https:\/\/www.anskar.de\/marburg\/","name":"Anskar-Kirche Marburg","description":"Internationale Gemeinde","potentialAction":[{"@type":"SearchAction","target":{"@type":"EntryPoint","urlTemplate":"https:\/\/www.anskar.de\/marburg\/?s={search_term_string}"},"query-input":{"@type":"PropertyValueSpecification","valueRequired":true,"valueName":"search_term_string"}}],"inLanguage":"de"},{"@type":"Person","@id":"https:\/\/www.anskar.de\/marburg\/#\/schema\/person\/0feaf8645c53aa82fe0ef73f9e9b6599","name":"alexanderhirsch","image":{"@type":"ImageObject","inLanguage":"de","@id":"https:\/\/www.anskar.de\/marburg\/#\/schema\/person\/image\/","url":"https:\/\/secure.gravatar.com\/avatar\/877acaf6a4fbc06969a1f855229c8e51?s=96&d=mm&r=g","contentUrl":"https:\/\/secure.gravatar.com\/avatar\/877acaf6a4fbc06969a1f855229c8e51?s=96&d=mm&r=g","caption":"alexanderhirsch"},"url":"https:\/\/www.anskar.de\/marburg\/author\/alexanderhirsch\/"}]}},"_links":{"self":[{"href":"https:\/\/www.anskar.de\/marburg\/wp-json\/wp\/v2\/posts\/2670","targetHints":{"allow":["GET"]}}],"collection":[{"href":"https:\/\/www.anskar.de\/marburg\/wp-json\/wp\/v2\/posts"}],"about":[{"href":"https:\/\/www.anskar.de\/marburg\/wp-json\/wp\/v2\/types\/post"}],"author":[{"embeddable":true,"href":"https:\/\/www.anskar.de\/marburg\/wp-json\/wp\/v2\/users\/3"}],"replies":[{"embeddable":true,"href":"https:\/\/www.anskar.de\/marburg\/wp-json\/wp\/v2\/comments?post=2670"}],"version-history":[{"count":1,"href":"https:\/\/www.anskar.de\/marburg\/wp-json\/wp\/v2\/posts\/2670\/revisions"}],"predecessor-version":[{"id":2673,"href":"https:\/\/www.anskar.de\/marburg\/wp-json\/wp\/v2\/posts\/2670\/revisions\/2673"}],"wp:featuredmedia":[{"embeddable":true,"href":"https:\/\/www.anskar.de\/marburg\/wp-json\/wp\/v2\/media\/2672"}],"wp:attachment":[{"href":"https:\/\/www.anskar.de\/marburg\/wp-json\/wp\/v2\/media?parent=2670"}],"wp:term":[{"taxonomy":"category","embeddable":true,"href":"https:\/\/www.anskar.de\/marburg\/wp-json\/wp\/v2\/categories?post=2670"},{"taxonomy":"post_tag","embeddable":true,"href":"https:\/\/www.anskar.de\/marburg\/wp-json\/wp\/v2\/tags?post=2670"}],"curies":[{"name":"wp","href":"https:\/\/api.w.org\/{rel}","templated":true}]}}