{"id":3037,"date":"2018-04-01T08:50:25","date_gmt":"2018-04-01T06:50:25","guid":{"rendered":"https:\/\/www.anskar.de\/marburg\/?p=3037"},"modified":"2018-03-31T19:11:57","modified_gmt":"2018-03-31T17:11:57","slug":"auf-ein-wort-sendung","status":"publish","type":"post","link":"https:\/\/www.anskar.de\/marburg\/2018\/04\/01\/auf-ein-wort-sendung\/","title":{"rendered":"Auf ein Wort: Sendung"},"content":{"rendered":"<blockquote><p>Jesus Christus spricht:<br \/>\n\u201eFriede sei mit euch! Wie mich der Vater gesandt hat, so sende ich euch.\u201c<br \/>\nJohannes 20,21<\/p>\n<p>Monatsspruch April<\/p><\/blockquote>\n<p>Der auferstandene Jesus begegnet seinen J\u00fcngern auf ganz handgreifliche Weise \u2013 das w\u00e4re ja schon gro\u00dfartig genug. Aber er hat noch mehr f\u00fcr sie und f\u00fcr uns: Ein dreifaches Geschenk!<\/p>\n<p>Jesus spricht uns seinen <strong>Frieden<\/strong> zu. Sein Zuspruch ist nicht nur ein freundlicher (und letztlich ohnm\u00e4chtiger) Wunsch, sondern wirkm\u00e4chtig \u2013 wo er seinen Frieden hineinspricht, breitet sich Frieden aus. Das sehen wir bei den J\u00fcngern: Aus ver\u00e4ngstigten, selbsts\u00fcchtigen, planlosen J\u00fcngern werden hingegebene Apostel, die richtig was bewegen!<\/p>\n<p>Jesus schenkt uns <strong>Identifikation<\/strong>: Er gibt nicht nur irgendeinen Job, er sagt: \u201eWie mich mein Vater gesandt hat\u201c. Orientiert euch an mir, folgt mir, werdet mir \u00e4hnlicher. Sein Geschenk, dass das m\u00f6glich ist!<\/p>\n<p>Und drittens hat er eine Sendung, einen <strong>Auftrag<\/strong> f\u00fcr uns. Wir sind nicht die Endverbraucher von Gottes Gnade, sondern wir sind \u2013 sogar \u201ewie Jesus\u201c \u2013 in die Welt gesandt. Wir d\u00fcrfen Teil von etwas sein, das gr\u00f6\u00dfer ist als wir selbst!<\/p>\n<p>Untersucht doch mal die Evangelien mit der Frage: Wie hat denn der Vater Jesus gesandt, und was hei\u00dft das f\u00fcr unseren Auftrag? Und wie setzen wir das um? Ich w\u00fcnsche euch spannende Entdeckungen und Erfahrungen!<\/p>\n<p>Gott segne euch,<\/p>\n<p>euer Alexander Hirsch<\/p>\n","protected":false},"excerpt":{"rendered":"<p>Jesus Christus spricht: \u201eFriede sei mit euch! Wie mich der Vater gesandt hat, so sende ich euch.\u201c Johannes 20,21 Monatsspruch April Der auferstandene Jesus begegnet seinen J\u00fcngern auf ganz handgreifliche [&hellip;]<\/p>\n","protected":false},"author":3,"featured_media":3038,"comment_status":"open","ping_status":"open","sticky":false,"template":"","format":"standard","meta":{"_et_pb_use_builder":"","_et_pb_old_content":"","_et_gb_content_width":"","footnotes":""},"categories":[9],"tags":[80,79,78,16,72,24,81],"class_list":["post-3037","post","type-post","status-publish","format-standard","has-post-thumbnail","hentry","category-auf-ein-wort","tag-auftrag","tag-frieden","tag-identifikation","tag-jesus","tag-johannes","tag-ostern","tag-sendung"],"yoast_head":"<!-- This site is optimized with the Yoast SEO plugin v24.6 - https:\/\/yoast.com\/wordpress\/plugins\/seo\/ -->\n<title>Auf ein Wort: Sendung - Anskar-Kirche Marburg<\/title>\n<meta name=\"robots\" content=\"index, follow, max-snippet:-1, max-image-preview:large, max-video-preview:-1\" \/>\n<link rel=\"canonical\" href=\"https:\/\/www.anskar.de\/marburg\/2018\/04\/01\/auf-ein-wort-sendung\/\" \/>\n<meta property=\"og:locale\" content=\"de_DE\" \/>\n<meta property=\"og:type\" content=\"article\" \/>\n<meta property=\"og:title\" content=\"Auf ein Wort: Sendung - Anskar-Kirche Marburg\" \/>\n<meta property=\"og:description\" content=\"Jesus Christus spricht: \u201eFriede sei mit euch! Wie mich der Vater gesandt hat, so sende ich euch.\u201c Johannes 20,21 Monatsspruch April Der auferstandene Jesus begegnet seinen J\u00fcngern auf ganz handgreifliche [&hellip;]\" \/>\n<meta property=\"og:url\" content=\"https:\/\/www.anskar.de\/marburg\/2018\/04\/01\/auf-ein-wort-sendung\/\" \/>\n<meta property=\"og:site_name\" content=\"Anskar-Kirche Marburg\" \/>\n<meta property=\"article:published_time\" content=\"2018-04-01T06:50:25+00:00\" \/>\n<meta property=\"og:image\" content=\"https:\/\/www.anskar.de\/marburg\/wp-content\/uploads\/sites\/4\/2018\/03\/agriculture-3277087_640.jpg\" \/>\n\t<meta property=\"og:image:width\" content=\"640\" \/>\n\t<meta property=\"og:image:height\" content=\"427\" \/>\n\t<meta property=\"og:image:type\" content=\"image\/jpeg\" \/>\n<meta name=\"author\" content=\"alexanderhirsch\" \/>\n<meta name=\"twitter:card\" content=\"summary_large_image\" \/>\n<meta name=\"twitter:label1\" content=\"Verfasst von\" \/>\n\t<meta name=\"twitter:data1\" content=\"alexanderhirsch\" \/>\n\t<meta name=\"twitter:label2\" content=\"Gesch\u00e4tzte Lesezeit\" \/>\n\t<meta name=\"twitter:data2\" content=\"1\u00a0Minute\" \/>\n<script type=\"application\/ld+json\" class=\"yoast-schema-graph\">{\"@context\":\"https:\/\/schema.org\",\"@graph\":[{\"@type\":\"WebPage\",\"@id\":\"https:\/\/www.anskar.de\/marburg\/2018\/04\/01\/auf-ein-wort-sendung\/\",\"url\":\"https:\/\/www.anskar.de\/marburg\/2018\/04\/01\/auf-ein-wort-sendung\/\",\"name\":\"Auf ein Wort: Sendung - Anskar-Kirche Marburg\",\"isPartOf\":{\"@id\":\"https:\/\/www.anskar.de\/marburg\/#website\"},\"primaryImageOfPage\":{\"@id\":\"https:\/\/www.anskar.de\/marburg\/2018\/04\/01\/auf-ein-wort-sendung\/#primaryimage\"},\"image\":{\"@id\":\"https:\/\/www.anskar.de\/marburg\/2018\/04\/01\/auf-ein-wort-sendung\/#primaryimage\"},\"thumbnailUrl\":\"https:\/\/www.anskar.de\/marburg\/wp-content\/uploads\/sites\/4\/2018\/03\/agriculture-3277087_640.jpg\",\"datePublished\":\"2018-04-01T06:50:25+00:00\",\"author\":{\"@id\":\"https:\/\/www.anskar.de\/marburg\/#\/schema\/person\/0feaf8645c53aa82fe0ef73f9e9b6599\"},\"breadcrumb\":{\"@id\":\"https:\/\/www.anskar.de\/marburg\/2018\/04\/01\/auf-ein-wort-sendung\/#breadcrumb\"},\"inLanguage\":\"de\",\"potentialAction\":[{\"@type\":\"ReadAction\",\"target\":[\"https:\/\/www.anskar.de\/marburg\/2018\/04\/01\/auf-ein-wort-sendung\/\"]}]},{\"@type\":\"ImageObject\",\"inLanguage\":\"de\",\"@id\":\"https:\/\/www.anskar.de\/marburg\/2018\/04\/01\/auf-ein-wort-sendung\/#primaryimage\",\"url\":\"https:\/\/www.anskar.de\/marburg\/wp-content\/uploads\/sites\/4\/2018\/03\/agriculture-3277087_640.jpg\",\"contentUrl\":\"https:\/\/www.anskar.de\/marburg\/wp-content\/uploads\/sites\/4\/2018\/03\/agriculture-3277087_640.jpg\",\"width\":640,\"height\":427},{\"@type\":\"BreadcrumbList\",\"@id\":\"https:\/\/www.anskar.de\/marburg\/2018\/04\/01\/auf-ein-wort-sendung\/#breadcrumb\",\"itemListElement\":[{\"@type\":\"ListItem\",\"position\":1,\"name\":\"Startseite\",\"item\":\"https:\/\/www.anskar.de\/marburg\/\"},{\"@type\":\"ListItem\",\"position\":2,\"name\":\"Auf ein Wort: Sendung\"}]},{\"@type\":\"WebSite\",\"@id\":\"https:\/\/www.anskar.de\/marburg\/#website\",\"url\":\"https:\/\/www.anskar.de\/marburg\/\",\"name\":\"Anskar-Kirche Marburg\",\"description\":\"Internationale Gemeinde\",\"potentialAction\":[{\"@type\":\"SearchAction\",\"target\":{\"@type\":\"EntryPoint\",\"urlTemplate\":\"https:\/\/www.anskar.de\/marburg\/?s={search_term_string}\"},\"query-input\":{\"@type\":\"PropertyValueSpecification\",\"valueRequired\":true,\"valueName\":\"search_term_string\"}}],\"inLanguage\":\"de\"},{\"@type\":\"Person\",\"@id\":\"https:\/\/www.anskar.de\/marburg\/#\/schema\/person\/0feaf8645c53aa82fe0ef73f9e9b6599\",\"name\":\"alexanderhirsch\",\"image\":{\"@type\":\"ImageObject\",\"inLanguage\":\"de\",\"@id\":\"https:\/\/www.anskar.de\/marburg\/#\/schema\/person\/image\/\",\"url\":\"https:\/\/secure.gravatar.com\/avatar\/877acaf6a4fbc06969a1f855229c8e51?s=96&d=mm&r=g\",\"contentUrl\":\"https:\/\/secure.gravatar.com\/avatar\/877acaf6a4fbc06969a1f855229c8e51?s=96&d=mm&r=g\",\"caption\":\"alexanderhirsch\"},\"url\":\"https:\/\/www.anskar.de\/marburg\/author\/alexanderhirsch\/\"}]}<\/script>\n<!-- \/ Yoast SEO plugin. -->","yoast_head_json":{"title":"Auf ein Wort: Sendung - Anskar-Kirche Marburg","robots":{"index":"index","follow":"follow","max-snippet":"max-snippet:-1","max-image-preview":"max-image-preview:large","max-video-preview":"max-video-preview:-1"},"canonical":"https:\/\/www.anskar.de\/marburg\/2018\/04\/01\/auf-ein-wort-sendung\/","og_locale":"de_DE","og_type":"article","og_title":"Auf ein Wort: Sendung - Anskar-Kirche Marburg","og_description":"Jesus Christus spricht: \u201eFriede sei mit euch! Wie mich der Vater gesandt hat, so sende ich euch.\u201c Johannes 20,21 Monatsspruch April Der auferstandene Jesus begegnet seinen J\u00fcngern auf ganz handgreifliche [&hellip;]","og_url":"https:\/\/www.anskar.de\/marburg\/2018\/04\/01\/auf-ein-wort-sendung\/","og_site_name":"Anskar-Kirche Marburg","article_published_time":"2018-04-01T06:50:25+00:00","og_image":[{"width":640,"height":427,"url":"https:\/\/www.anskar.de\/marburg\/wp-content\/uploads\/sites\/4\/2018\/03\/agriculture-3277087_640.jpg","type":"image\/jpeg"}],"author":"alexanderhirsch","twitter_card":"summary_large_image","twitter_misc":{"Verfasst von":"alexanderhirsch","Gesch\u00e4tzte Lesezeit":"1\u00a0Minute"},"schema":{"@context":"https:\/\/schema.org","@graph":[{"@type":"WebPage","@id":"https:\/\/www.anskar.de\/marburg\/2018\/04\/01\/auf-ein-wort-sendung\/","url":"https:\/\/www.anskar.de\/marburg\/2018\/04\/01\/auf-ein-wort-sendung\/","name":"Auf ein Wort: Sendung - Anskar-Kirche Marburg","isPartOf":{"@id":"https:\/\/www.anskar.de\/marburg\/#website"},"primaryImageOfPage":{"@id":"https:\/\/www.anskar.de\/marburg\/2018\/04\/01\/auf-ein-wort-sendung\/#primaryimage"},"image":{"@id":"https:\/\/www.anskar.de\/marburg\/2018\/04\/01\/auf-ein-wort-sendung\/#primaryimage"},"thumbnailUrl":"https:\/\/www.anskar.de\/marburg\/wp-content\/uploads\/sites\/4\/2018\/03\/agriculture-3277087_640.jpg","datePublished":"2018-04-01T06:50:25+00:00","author":{"@id":"https:\/\/www.anskar.de\/marburg\/#\/schema\/person\/0feaf8645c53aa82fe0ef73f9e9b6599"},"breadcrumb":{"@id":"https:\/\/www.anskar.de\/marburg\/2018\/04\/01\/auf-ein-wort-sendung\/#breadcrumb"},"inLanguage":"de","potentialAction":[{"@type":"ReadAction","target":["https:\/\/www.anskar.de\/marburg\/2018\/04\/01\/auf-ein-wort-sendung\/"]}]},{"@type":"ImageObject","inLanguage":"de","@id":"https:\/\/www.anskar.de\/marburg\/2018\/04\/01\/auf-ein-wort-sendung\/#primaryimage","url":"https:\/\/www.anskar.de\/marburg\/wp-content\/uploads\/sites\/4\/2018\/03\/agriculture-3277087_640.jpg","contentUrl":"https:\/\/www.anskar.de\/marburg\/wp-content\/uploads\/sites\/4\/2018\/03\/agriculture-3277087_640.jpg","width":640,"height":427},{"@type":"BreadcrumbList","@id":"https:\/\/www.anskar.de\/marburg\/2018\/04\/01\/auf-ein-wort-sendung\/#breadcrumb","itemListElement":[{"@type":"ListItem","position":1,"name":"Startseite","item":"https:\/\/www.anskar.de\/marburg\/"},{"@type":"ListItem","position":2,"name":"Auf ein Wort: Sendung"}]},{"@type":"WebSite","@id":"https:\/\/www.anskar.de\/marburg\/#website","url":"https:\/\/www.anskar.de\/marburg\/","name":"Anskar-Kirche Marburg","description":"Internationale Gemeinde","potentialAction":[{"@type":"SearchAction","target":{"@type":"EntryPoint","urlTemplate":"https:\/\/www.anskar.de\/marburg\/?s={search_term_string}"},"query-input":{"@type":"PropertyValueSpecification","valueRequired":true,"valueName":"search_term_string"}}],"inLanguage":"de"},{"@type":"Person","@id":"https:\/\/www.anskar.de\/marburg\/#\/schema\/person\/0feaf8645c53aa82fe0ef73f9e9b6599","name":"alexanderhirsch","image":{"@type":"ImageObject","inLanguage":"de","@id":"https:\/\/www.anskar.de\/marburg\/#\/schema\/person\/image\/","url":"https:\/\/secure.gravatar.com\/avatar\/877acaf6a4fbc06969a1f855229c8e51?s=96&d=mm&r=g","contentUrl":"https:\/\/secure.gravatar.com\/avatar\/877acaf6a4fbc06969a1f855229c8e51?s=96&d=mm&r=g","caption":"alexanderhirsch"},"url":"https:\/\/www.anskar.de\/marburg\/author\/alexanderhirsch\/"}]}},"_links":{"self":[{"href":"https:\/\/www.anskar.de\/marburg\/wp-json\/wp\/v2\/posts\/3037","targetHints":{"allow":["GET"]}}],"collection":[{"href":"https:\/\/www.anskar.de\/marburg\/wp-json\/wp\/v2\/posts"}],"about":[{"href":"https:\/\/www.anskar.de\/marburg\/wp-json\/wp\/v2\/types\/post"}],"author":[{"embeddable":true,"href":"https:\/\/www.anskar.de\/marburg\/wp-json\/wp\/v2\/users\/3"}],"replies":[{"embeddable":true,"href":"https:\/\/www.anskar.de\/marburg\/wp-json\/wp\/v2\/comments?post=3037"}],"version-history":[{"count":1,"href":"https:\/\/www.anskar.de\/marburg\/wp-json\/wp\/v2\/posts\/3037\/revisions"}],"predecessor-version":[{"id":3039,"href":"https:\/\/www.anskar.de\/marburg\/wp-json\/wp\/v2\/posts\/3037\/revisions\/3039"}],"wp:featuredmedia":[{"embeddable":true,"href":"https:\/\/www.anskar.de\/marburg\/wp-json\/wp\/v2\/media\/3038"}],"wp:attachment":[{"href":"https:\/\/www.anskar.de\/marburg\/wp-json\/wp\/v2\/media?parent=3037"}],"wp:term":[{"taxonomy":"category","embeddable":true,"href":"https:\/\/www.anskar.de\/marburg\/wp-json\/wp\/v2\/categories?post=3037"},{"taxonomy":"post_tag","embeddable":true,"href":"https:\/\/www.anskar.de\/marburg\/wp-json\/wp\/v2\/tags?post=3037"}],"curies":[{"name":"wp","href":"https:\/\/api.w.org\/{rel}","templated":true}]}}