{"id":3173,"date":"2019-03-01T08:08:11","date_gmt":"2019-03-01T07:08:11","guid":{"rendered":"https:\/\/www.anskar.de\/marburg\/?p=3173"},"modified":"2019-02-14T17:36:45","modified_gmt":"2019-02-14T16:36:45","slug":"auf-ein-wort-umkehr","status":"publish","type":"post","link":"https:\/\/www.anskar.de\/marburg\/2019\/03\/01\/auf-ein-wort-umkehr\/","title":{"rendered":"Auf ein Wort: Umkehr"},"content":{"rendered":"<blockquote><p>\u201eWendet euer Herz wieder dem Herrn zu, und dient ihm allein.\u201c<br \/>\n1Samuel 7,3<br \/>\nMonatsspruch M\u00e4rz<\/p><\/blockquote>\n<p>\u201eAber ich geh\u00f6re doch zum Volk Gottes! Gott hat mich erw\u00e4hlt! Ich bin in einem christlichen Elternhaus gro\u00dfgeworden! Ich habe mich mit 9 und mit 11 und mit 17 bekehrt!\u201c<\/p>\n<p>Samuel spricht hier nicht zu heidnischen Philistern oder Amalekitern, sondern zum Volk Gottes \u2013 das gerade angefangen hatte, sich wieder dem Herrn zuzuwenden (Vers 2). Offenbar reichen vergangene Erfahrungen mit Gott nicht aus. Mein Herz kann kalt werden und sich abwenden, ich kann anfangen, mir selbst oder anderen Zielen zu dienen. Die Israeliten waren gleichg\u00fcltig geworden \u2013 die Bundeslade als Ort von Gottes Gegenwart war von den Philistern geraubt, aber nach Gottes Eingreifen zur\u00fcckgeschickt worden. Aber nun stand sie schon 20 Jahre halb vergessen in Kirjat-Jearim herum, bis die Leute wieder anfingen, nach Gott zu fragen \u2026<\/p>\n<p>Vielleicht ist das deine Geschichte \u2013 du hast Gottes Handeln in deinem Leben halb vergessen, du suchst nur selten seine Gegenwart, dein Herz ist kalt geworden, du dienst anderen Dingen. Dann lass dich neu einladen zum Herrn. Er freut sich auf dich!<\/p>\n<p>Gott segne euch, euer<\/p>\n<p>Alexander Hirsch<\/p>\n","protected":false},"excerpt":{"rendered":"<p>\u201eWendet euer Herz wieder dem Herrn zu, und dient ihm allein.\u201c 1Samuel 7,3 Monatsspruch M\u00e4rz \u201eAber ich geh\u00f6re doch zum Volk Gottes! Gott hat mich erw\u00e4hlt! Ich bin in einem [&hellip;]<\/p>\n","protected":false},"author":3,"featured_media":3174,"comment_status":"open","ping_status":"open","sticky":false,"template":"","format":"standard","meta":{"_et_pb_use_builder":"","_et_pb_old_content":"","_et_gb_content_width":"","footnotes":""},"categories":[9],"tags":[134,32,137,138,135,31,136],"class_list":["post-3173","post","type-post","status-publish","format-standard","has-post-thumbnail","hentry","category-auf-ein-wort","tag-1samuel","tag-bekehrung","tag-busse","tag-herz","tag-samuel","tag-umkehr","tag-wende"],"yoast_head":"<!-- This site is optimized with the Yoast SEO plugin v24.6 - https:\/\/yoast.com\/wordpress\/plugins\/seo\/ -->\n<title>Auf ein Wort: Umkehr - Anskar-Kirche Marburg<\/title>\n<meta name=\"robots\" content=\"index, follow, max-snippet:-1, max-image-preview:large, max-video-preview:-1\" \/>\n<link rel=\"canonical\" href=\"https:\/\/www.anskar.de\/marburg\/2019\/03\/01\/auf-ein-wort-umkehr\/\" \/>\n<meta property=\"og:locale\" content=\"de_DE\" \/>\n<meta property=\"og:type\" content=\"article\" \/>\n<meta property=\"og:title\" content=\"Auf ein Wort: Umkehr - Anskar-Kirche Marburg\" \/>\n<meta property=\"og:description\" content=\"\u201eWendet euer Herz wieder dem Herrn zu, und dient ihm allein.\u201c 1Samuel 7,3 Monatsspruch M\u00e4rz \u201eAber ich geh\u00f6re doch zum Volk Gottes! Gott hat mich erw\u00e4hlt! Ich bin in einem [&hellip;]\" \/>\n<meta property=\"og:url\" content=\"https:\/\/www.anskar.de\/marburg\/2019\/03\/01\/auf-ein-wort-umkehr\/\" \/>\n<meta property=\"og:site_name\" content=\"Anskar-Kirche Marburg\" \/>\n<meta property=\"article:published_time\" content=\"2019-03-01T07:08:11+00:00\" \/>\n<meta property=\"og:image\" content=\"https:\/\/www.anskar.de\/marburg\/wp-content\/uploads\/sites\/4\/2019\/02\/vines-930254_1920.jpg\" \/>\n\t<meta property=\"og:image:width\" content=\"1920\" \/>\n\t<meta property=\"og:image:height\" content=\"1280\" \/>\n\t<meta property=\"og:image:type\" content=\"image\/jpeg\" \/>\n<meta name=\"author\" content=\"alexanderhirsch\" \/>\n<meta name=\"twitter:card\" content=\"summary_large_image\" \/>\n<meta name=\"twitter:label1\" content=\"Verfasst von\" \/>\n\t<meta name=\"twitter:data1\" content=\"alexanderhirsch\" \/>\n\t<meta name=\"twitter:label2\" content=\"Gesch\u00e4tzte Lesezeit\" \/>\n\t<meta name=\"twitter:data2\" content=\"1\u00a0Minute\" \/>\n<script type=\"application\/ld+json\" class=\"yoast-schema-graph\">{\"@context\":\"https:\/\/schema.org\",\"@graph\":[{\"@type\":\"WebPage\",\"@id\":\"https:\/\/www.anskar.de\/marburg\/2019\/03\/01\/auf-ein-wort-umkehr\/\",\"url\":\"https:\/\/www.anskar.de\/marburg\/2019\/03\/01\/auf-ein-wort-umkehr\/\",\"name\":\"Auf ein Wort: Umkehr - Anskar-Kirche Marburg\",\"isPartOf\":{\"@id\":\"https:\/\/www.anskar.de\/marburg\/#website\"},\"primaryImageOfPage\":{\"@id\":\"https:\/\/www.anskar.de\/marburg\/2019\/03\/01\/auf-ein-wort-umkehr\/#primaryimage\"},\"image\":{\"@id\":\"https:\/\/www.anskar.de\/marburg\/2019\/03\/01\/auf-ein-wort-umkehr\/#primaryimage\"},\"thumbnailUrl\":\"https:\/\/www.anskar.de\/marburg\/wp-content\/uploads\/sites\/4\/2019\/02\/vines-930254_1920.jpg\",\"datePublished\":\"2019-03-01T07:08:11+00:00\",\"author\":{\"@id\":\"https:\/\/www.anskar.de\/marburg\/#\/schema\/person\/0feaf8645c53aa82fe0ef73f9e9b6599\"},\"breadcrumb\":{\"@id\":\"https:\/\/www.anskar.de\/marburg\/2019\/03\/01\/auf-ein-wort-umkehr\/#breadcrumb\"},\"inLanguage\":\"de\",\"potentialAction\":[{\"@type\":\"ReadAction\",\"target\":[\"https:\/\/www.anskar.de\/marburg\/2019\/03\/01\/auf-ein-wort-umkehr\/\"]}]},{\"@type\":\"ImageObject\",\"inLanguage\":\"de\",\"@id\":\"https:\/\/www.anskar.de\/marburg\/2019\/03\/01\/auf-ein-wort-umkehr\/#primaryimage\",\"url\":\"https:\/\/www.anskar.de\/marburg\/wp-content\/uploads\/sites\/4\/2019\/02\/vines-930254_1920.jpg\",\"contentUrl\":\"https:\/\/www.anskar.de\/marburg\/wp-content\/uploads\/sites\/4\/2019\/02\/vines-930254_1920.jpg\",\"width\":1920,\"height\":1280},{\"@type\":\"BreadcrumbList\",\"@id\":\"https:\/\/www.anskar.de\/marburg\/2019\/03\/01\/auf-ein-wort-umkehr\/#breadcrumb\",\"itemListElement\":[{\"@type\":\"ListItem\",\"position\":1,\"name\":\"Startseite\",\"item\":\"https:\/\/www.anskar.de\/marburg\/\"},{\"@type\":\"ListItem\",\"position\":2,\"name\":\"Auf ein Wort: Umkehr\"}]},{\"@type\":\"WebSite\",\"@id\":\"https:\/\/www.anskar.de\/marburg\/#website\",\"url\":\"https:\/\/www.anskar.de\/marburg\/\",\"name\":\"Anskar-Kirche Marburg\",\"description\":\"Internationale Gemeinde\",\"potentialAction\":[{\"@type\":\"SearchAction\",\"target\":{\"@type\":\"EntryPoint\",\"urlTemplate\":\"https:\/\/www.anskar.de\/marburg\/?s={search_term_string}\"},\"query-input\":{\"@type\":\"PropertyValueSpecification\",\"valueRequired\":true,\"valueName\":\"search_term_string\"}}],\"inLanguage\":\"de\"},{\"@type\":\"Person\",\"@id\":\"https:\/\/www.anskar.de\/marburg\/#\/schema\/person\/0feaf8645c53aa82fe0ef73f9e9b6599\",\"name\":\"alexanderhirsch\",\"image\":{\"@type\":\"ImageObject\",\"inLanguage\":\"de\",\"@id\":\"https:\/\/www.anskar.de\/marburg\/#\/schema\/person\/image\/\",\"url\":\"https:\/\/secure.gravatar.com\/avatar\/877acaf6a4fbc06969a1f855229c8e51?s=96&d=mm&r=g\",\"contentUrl\":\"https:\/\/secure.gravatar.com\/avatar\/877acaf6a4fbc06969a1f855229c8e51?s=96&d=mm&r=g\",\"caption\":\"alexanderhirsch\"},\"url\":\"https:\/\/www.anskar.de\/marburg\/author\/alexanderhirsch\/\"}]}<\/script>\n<!-- \/ Yoast SEO plugin. -->","yoast_head_json":{"title":"Auf ein Wort: Umkehr - Anskar-Kirche Marburg","robots":{"index":"index","follow":"follow","max-snippet":"max-snippet:-1","max-image-preview":"max-image-preview:large","max-video-preview":"max-video-preview:-1"},"canonical":"https:\/\/www.anskar.de\/marburg\/2019\/03\/01\/auf-ein-wort-umkehr\/","og_locale":"de_DE","og_type":"article","og_title":"Auf ein Wort: Umkehr - Anskar-Kirche Marburg","og_description":"\u201eWendet euer Herz wieder dem Herrn zu, und dient ihm allein.\u201c 1Samuel 7,3 Monatsspruch M\u00e4rz \u201eAber ich geh\u00f6re doch zum Volk Gottes! Gott hat mich erw\u00e4hlt! Ich bin in einem [&hellip;]","og_url":"https:\/\/www.anskar.de\/marburg\/2019\/03\/01\/auf-ein-wort-umkehr\/","og_site_name":"Anskar-Kirche Marburg","article_published_time":"2019-03-01T07:08:11+00:00","og_image":[{"width":1920,"height":1280,"url":"https:\/\/www.anskar.de\/marburg\/wp-content\/uploads\/sites\/4\/2019\/02\/vines-930254_1920.jpg","type":"image\/jpeg"}],"author":"alexanderhirsch","twitter_card":"summary_large_image","twitter_misc":{"Verfasst von":"alexanderhirsch","Gesch\u00e4tzte Lesezeit":"1\u00a0Minute"},"schema":{"@context":"https:\/\/schema.org","@graph":[{"@type":"WebPage","@id":"https:\/\/www.anskar.de\/marburg\/2019\/03\/01\/auf-ein-wort-umkehr\/","url":"https:\/\/www.anskar.de\/marburg\/2019\/03\/01\/auf-ein-wort-umkehr\/","name":"Auf ein Wort: Umkehr - Anskar-Kirche Marburg","isPartOf":{"@id":"https:\/\/www.anskar.de\/marburg\/#website"},"primaryImageOfPage":{"@id":"https:\/\/www.anskar.de\/marburg\/2019\/03\/01\/auf-ein-wort-umkehr\/#primaryimage"},"image":{"@id":"https:\/\/www.anskar.de\/marburg\/2019\/03\/01\/auf-ein-wort-umkehr\/#primaryimage"},"thumbnailUrl":"https:\/\/www.anskar.de\/marburg\/wp-content\/uploads\/sites\/4\/2019\/02\/vines-930254_1920.jpg","datePublished":"2019-03-01T07:08:11+00:00","author":{"@id":"https:\/\/www.anskar.de\/marburg\/#\/schema\/person\/0feaf8645c53aa82fe0ef73f9e9b6599"},"breadcrumb":{"@id":"https:\/\/www.anskar.de\/marburg\/2019\/03\/01\/auf-ein-wort-umkehr\/#breadcrumb"},"inLanguage":"de","potentialAction":[{"@type":"ReadAction","target":["https:\/\/www.anskar.de\/marburg\/2019\/03\/01\/auf-ein-wort-umkehr\/"]}]},{"@type":"ImageObject","inLanguage":"de","@id":"https:\/\/www.anskar.de\/marburg\/2019\/03\/01\/auf-ein-wort-umkehr\/#primaryimage","url":"https:\/\/www.anskar.de\/marburg\/wp-content\/uploads\/sites\/4\/2019\/02\/vines-930254_1920.jpg","contentUrl":"https:\/\/www.anskar.de\/marburg\/wp-content\/uploads\/sites\/4\/2019\/02\/vines-930254_1920.jpg","width":1920,"height":1280},{"@type":"BreadcrumbList","@id":"https:\/\/www.anskar.de\/marburg\/2019\/03\/01\/auf-ein-wort-umkehr\/#breadcrumb","itemListElement":[{"@type":"ListItem","position":1,"name":"Startseite","item":"https:\/\/www.anskar.de\/marburg\/"},{"@type":"ListItem","position":2,"name":"Auf ein Wort: Umkehr"}]},{"@type":"WebSite","@id":"https:\/\/www.anskar.de\/marburg\/#website","url":"https:\/\/www.anskar.de\/marburg\/","name":"Anskar-Kirche Marburg","description":"Internationale Gemeinde","potentialAction":[{"@type":"SearchAction","target":{"@type":"EntryPoint","urlTemplate":"https:\/\/www.anskar.de\/marburg\/?s={search_term_string}"},"query-input":{"@type":"PropertyValueSpecification","valueRequired":true,"valueName":"search_term_string"}}],"inLanguage":"de"},{"@type":"Person","@id":"https:\/\/www.anskar.de\/marburg\/#\/schema\/person\/0feaf8645c53aa82fe0ef73f9e9b6599","name":"alexanderhirsch","image":{"@type":"ImageObject","inLanguage":"de","@id":"https:\/\/www.anskar.de\/marburg\/#\/schema\/person\/image\/","url":"https:\/\/secure.gravatar.com\/avatar\/877acaf6a4fbc06969a1f855229c8e51?s=96&d=mm&r=g","contentUrl":"https:\/\/secure.gravatar.com\/avatar\/877acaf6a4fbc06969a1f855229c8e51?s=96&d=mm&r=g","caption":"alexanderhirsch"},"url":"https:\/\/www.anskar.de\/marburg\/author\/alexanderhirsch\/"}]}},"_links":{"self":[{"href":"https:\/\/www.anskar.de\/marburg\/wp-json\/wp\/v2\/posts\/3173","targetHints":{"allow":["GET"]}}],"collection":[{"href":"https:\/\/www.anskar.de\/marburg\/wp-json\/wp\/v2\/posts"}],"about":[{"href":"https:\/\/www.anskar.de\/marburg\/wp-json\/wp\/v2\/types\/post"}],"author":[{"embeddable":true,"href":"https:\/\/www.anskar.de\/marburg\/wp-json\/wp\/v2\/users\/3"}],"replies":[{"embeddable":true,"href":"https:\/\/www.anskar.de\/marburg\/wp-json\/wp\/v2\/comments?post=3173"}],"version-history":[{"count":1,"href":"https:\/\/www.anskar.de\/marburg\/wp-json\/wp\/v2\/posts\/3173\/revisions"}],"predecessor-version":[{"id":3175,"href":"https:\/\/www.anskar.de\/marburg\/wp-json\/wp\/v2\/posts\/3173\/revisions\/3175"}],"wp:featuredmedia":[{"embeddable":true,"href":"https:\/\/www.anskar.de\/marburg\/wp-json\/wp\/v2\/media\/3174"}],"wp:attachment":[{"href":"https:\/\/www.anskar.de\/marburg\/wp-json\/wp\/v2\/media?parent=3173"}],"wp:term":[{"taxonomy":"category","embeddable":true,"href":"https:\/\/www.anskar.de\/marburg\/wp-json\/wp\/v2\/categories?post=3173"},{"taxonomy":"post_tag","embeddable":true,"href":"https:\/\/www.anskar.de\/marburg\/wp-json\/wp\/v2\/tags?post=3173"}],"curies":[{"name":"wp","href":"https:\/\/api.w.org\/{rel}","templated":true}]}}