{"id":3837,"date":"2023-09-01T09:42:10","date_gmt":"2023-09-01T07:42:10","guid":{"rendered":"https:\/\/www.anskar.de\/marburg\/?p=3837"},"modified":"2023-07-14T21:48:28","modified_gmt":"2023-07-14T19:48:28","slug":"auf-ein-wort-meinung","status":"publish","type":"post","link":"https:\/\/www.anskar.de\/marburg\/2023\/09\/01\/auf-ein-wort-meinung\/","title":{"rendered":"Auf ein Wort: Meinung"},"content":{"rendered":"<blockquote><p>Jesus Christus spricht: Wer sagt denn ihr, dass ich sei?<\/p>\n<p>Matth\u00e4us 16,15<br \/>\nMonatsspruch September<\/p><\/blockquote>\n<p>\u201eMan sagt, er war ein Gammler\u201c, haben wir im Jugendkreis gesungen. Wer dieser \u201eman\u201c ist, der so etwas behauptet, wurde nie gekl\u00e4rt \u2026<\/p>\n<p>In Matth\u00e4us 16 macht Jesus eine Erhebung bei seinen J\u00fcngern: Was sagt \u201eman\u201c denn so \u00fcber mich? Da sind die J\u00fcnger fix dabei und erz\u00e4hlen, was sie aufgeschnappt haben \u2013 auf den Marktpl\u00e4tzen, auf Facebook und Twitter \u2026<\/p>\n<p>Aber dann wird Jesus pers\u00f6nlich. Denn entscheidend f\u00fcr mich ist nicht, was irgendwelche Leute sagen. Entscheidend ist: Wie stelle ich mich zu Jesus? Wer ist er f\u00fcr mich?<\/p>\n<p>Wie er sich zu mir und dir stellt, hat er vor 2000 Jahren gekl\u00e4rt. Seitdem gilt seine Einladung!<\/p>\n<p>Gott segne euch,<\/p>\n<p>Euer Alexander Hirsch<\/p>\n<p>Image by <a href=\"https:\/\/pixabay.com\/users\/anemone123-2637160\/?utm_source=link-attribution&amp;utm_medium=referral&amp;utm_campaign=image&amp;utm_content=2736480\">Anemone123<\/a> from <a href=\"https:\/\/pixabay.com\/\/?utm_source=link-attribution&amp;utm_medium=referral&amp;utm_campaign=image&amp;utm_content=2736480\">Pixabay<\/a><\/p>\n","protected":false},"excerpt":{"rendered":"<p>Jesus Christus spricht: Wer sagt denn ihr, dass ich sei? Matth\u00e4us 16,15 Monatsspruch September \u201eMan sagt, er war ein Gammler\u201c, haben wir im Jugendkreis gesungen. Wer dieser \u201eman\u201c ist, der [&hellip;]<\/p>\n","protected":false},"author":3,"featured_media":3838,"comment_status":"open","ping_status":"open","sticky":false,"template":"","format":"standard","meta":{"_et_pb_use_builder":"","_et_pb_old_content":"","_et_gb_content_width":"","footnotes":""},"categories":[9],"tags":[148,10,252,16,130,250,251],"class_list":["post-3837","post","type-post","status-publish","format-standard","has-post-thumbnail","hentry","category-auf-ein-wort","tag-bekenntnis","tag-entscheidung","tag-frage","tag-jesus","tag-matthaeus","tag-meinung","tag-petrus"],"yoast_head":"<!-- This site is optimized with the Yoast SEO plugin v24.6 - https:\/\/yoast.com\/wordpress\/plugins\/seo\/ -->\n<title>Auf ein Wort: Meinung - Anskar-Kirche Marburg<\/title>\n<meta name=\"robots\" content=\"index, follow, max-snippet:-1, max-image-preview:large, max-video-preview:-1\" \/>\n<link rel=\"canonical\" href=\"https:\/\/www.anskar.de\/marburg\/2023\/09\/01\/auf-ein-wort-meinung\/\" \/>\n<meta property=\"og:locale\" content=\"de_DE\" \/>\n<meta property=\"og:type\" content=\"article\" \/>\n<meta property=\"og:title\" content=\"Auf ein Wort: Meinung - Anskar-Kirche Marburg\" \/>\n<meta property=\"og:description\" content=\"Jesus Christus spricht: Wer sagt denn ihr, dass ich sei? Matth\u00e4us 16,15 Monatsspruch September \u201eMan sagt, er war ein Gammler\u201c, haben wir im Jugendkreis gesungen. Wer dieser \u201eman\u201c ist, der [&hellip;]\" \/>\n<meta property=\"og:url\" content=\"https:\/\/www.anskar.de\/marburg\/2023\/09\/01\/auf-ein-wort-meinung\/\" \/>\n<meta property=\"og:site_name\" content=\"Anskar-Kirche Marburg\" \/>\n<meta property=\"article:published_time\" content=\"2023-09-01T07:42:10+00:00\" \/>\n<meta property=\"og:image\" content=\"https:\/\/www.anskar.de\/marburg\/wp-content\/uploads\/sites\/4\/2023\/07\/question-gda68cddcb_1280.jpg\" \/>\n\t<meta property=\"og:image:width\" content=\"1280\" \/>\n\t<meta property=\"og:image:height\" content=\"749\" \/>\n\t<meta property=\"og:image:type\" content=\"image\/jpeg\" \/>\n<meta name=\"author\" content=\"alexanderhirsch\" \/>\n<meta name=\"twitter:card\" content=\"summary_large_image\" \/>\n<meta name=\"twitter:label1\" content=\"Verfasst von\" \/>\n\t<meta name=\"twitter:data1\" content=\"alexanderhirsch\" \/>\n\t<meta name=\"twitter:label2\" content=\"Gesch\u00e4tzte Lesezeit\" \/>\n\t<meta name=\"twitter:data2\" content=\"1\u00a0Minute\" \/>\n<script type=\"application\/ld+json\" class=\"yoast-schema-graph\">{\"@context\":\"https:\/\/schema.org\",\"@graph\":[{\"@type\":\"WebPage\",\"@id\":\"https:\/\/www.anskar.de\/marburg\/2023\/09\/01\/auf-ein-wort-meinung\/\",\"url\":\"https:\/\/www.anskar.de\/marburg\/2023\/09\/01\/auf-ein-wort-meinung\/\",\"name\":\"Auf ein Wort: Meinung - Anskar-Kirche Marburg\",\"isPartOf\":{\"@id\":\"https:\/\/www.anskar.de\/marburg\/#website\"},\"primaryImageOfPage\":{\"@id\":\"https:\/\/www.anskar.de\/marburg\/2023\/09\/01\/auf-ein-wort-meinung\/#primaryimage\"},\"image\":{\"@id\":\"https:\/\/www.anskar.de\/marburg\/2023\/09\/01\/auf-ein-wort-meinung\/#primaryimage\"},\"thumbnailUrl\":\"https:\/\/www.anskar.de\/marburg\/wp-content\/uploads\/sites\/4\/2023\/07\/question-gda68cddcb_1280.jpg\",\"datePublished\":\"2023-09-01T07:42:10+00:00\",\"author\":{\"@id\":\"https:\/\/www.anskar.de\/marburg\/#\/schema\/person\/0feaf8645c53aa82fe0ef73f9e9b6599\"},\"breadcrumb\":{\"@id\":\"https:\/\/www.anskar.de\/marburg\/2023\/09\/01\/auf-ein-wort-meinung\/#breadcrumb\"},\"inLanguage\":\"de\",\"potentialAction\":[{\"@type\":\"ReadAction\",\"target\":[\"https:\/\/www.anskar.de\/marburg\/2023\/09\/01\/auf-ein-wort-meinung\/\"]}]},{\"@type\":\"ImageObject\",\"inLanguage\":\"de\",\"@id\":\"https:\/\/www.anskar.de\/marburg\/2023\/09\/01\/auf-ein-wort-meinung\/#primaryimage\",\"url\":\"https:\/\/www.anskar.de\/marburg\/wp-content\/uploads\/sites\/4\/2023\/07\/question-gda68cddcb_1280.jpg\",\"contentUrl\":\"https:\/\/www.anskar.de\/marburg\/wp-content\/uploads\/sites\/4\/2023\/07\/question-gda68cddcb_1280.jpg\",\"width\":1280,\"height\":749},{\"@type\":\"BreadcrumbList\",\"@id\":\"https:\/\/www.anskar.de\/marburg\/2023\/09\/01\/auf-ein-wort-meinung\/#breadcrumb\",\"itemListElement\":[{\"@type\":\"ListItem\",\"position\":1,\"name\":\"Startseite\",\"item\":\"https:\/\/www.anskar.de\/marburg\/\"},{\"@type\":\"ListItem\",\"position\":2,\"name\":\"Auf ein Wort: Meinung\"}]},{\"@type\":\"WebSite\",\"@id\":\"https:\/\/www.anskar.de\/marburg\/#website\",\"url\":\"https:\/\/www.anskar.de\/marburg\/\",\"name\":\"Anskar-Kirche Marburg\",\"description\":\"Internationale Gemeinde\",\"potentialAction\":[{\"@type\":\"SearchAction\",\"target\":{\"@type\":\"EntryPoint\",\"urlTemplate\":\"https:\/\/www.anskar.de\/marburg\/?s={search_term_string}\"},\"query-input\":{\"@type\":\"PropertyValueSpecification\",\"valueRequired\":true,\"valueName\":\"search_term_string\"}}],\"inLanguage\":\"de\"},{\"@type\":\"Person\",\"@id\":\"https:\/\/www.anskar.de\/marburg\/#\/schema\/person\/0feaf8645c53aa82fe0ef73f9e9b6599\",\"name\":\"alexanderhirsch\",\"image\":{\"@type\":\"ImageObject\",\"inLanguage\":\"de\",\"@id\":\"https:\/\/www.anskar.de\/marburg\/#\/schema\/person\/image\/\",\"url\":\"https:\/\/secure.gravatar.com\/avatar\/877acaf6a4fbc06969a1f855229c8e51?s=96&d=mm&r=g\",\"contentUrl\":\"https:\/\/secure.gravatar.com\/avatar\/877acaf6a4fbc06969a1f855229c8e51?s=96&d=mm&r=g\",\"caption\":\"alexanderhirsch\"},\"url\":\"https:\/\/www.anskar.de\/marburg\/author\/alexanderhirsch\/\"}]}<\/script>\n<!-- \/ Yoast SEO plugin. -->","yoast_head_json":{"title":"Auf ein Wort: Meinung - Anskar-Kirche Marburg","robots":{"index":"index","follow":"follow","max-snippet":"max-snippet:-1","max-image-preview":"max-image-preview:large","max-video-preview":"max-video-preview:-1"},"canonical":"https:\/\/www.anskar.de\/marburg\/2023\/09\/01\/auf-ein-wort-meinung\/","og_locale":"de_DE","og_type":"article","og_title":"Auf ein Wort: Meinung - Anskar-Kirche Marburg","og_description":"Jesus Christus spricht: Wer sagt denn ihr, dass ich sei? Matth\u00e4us 16,15 Monatsspruch September \u201eMan sagt, er war ein Gammler\u201c, haben wir im Jugendkreis gesungen. Wer dieser \u201eman\u201c ist, der [&hellip;]","og_url":"https:\/\/www.anskar.de\/marburg\/2023\/09\/01\/auf-ein-wort-meinung\/","og_site_name":"Anskar-Kirche Marburg","article_published_time":"2023-09-01T07:42:10+00:00","og_image":[{"width":1280,"height":749,"url":"https:\/\/www.anskar.de\/marburg\/wp-content\/uploads\/sites\/4\/2023\/07\/question-gda68cddcb_1280.jpg","type":"image\/jpeg"}],"author":"alexanderhirsch","twitter_card":"summary_large_image","twitter_misc":{"Verfasst von":"alexanderhirsch","Gesch\u00e4tzte Lesezeit":"1\u00a0Minute"},"schema":{"@context":"https:\/\/schema.org","@graph":[{"@type":"WebPage","@id":"https:\/\/www.anskar.de\/marburg\/2023\/09\/01\/auf-ein-wort-meinung\/","url":"https:\/\/www.anskar.de\/marburg\/2023\/09\/01\/auf-ein-wort-meinung\/","name":"Auf ein Wort: Meinung - Anskar-Kirche Marburg","isPartOf":{"@id":"https:\/\/www.anskar.de\/marburg\/#website"},"primaryImageOfPage":{"@id":"https:\/\/www.anskar.de\/marburg\/2023\/09\/01\/auf-ein-wort-meinung\/#primaryimage"},"image":{"@id":"https:\/\/www.anskar.de\/marburg\/2023\/09\/01\/auf-ein-wort-meinung\/#primaryimage"},"thumbnailUrl":"https:\/\/www.anskar.de\/marburg\/wp-content\/uploads\/sites\/4\/2023\/07\/question-gda68cddcb_1280.jpg","datePublished":"2023-09-01T07:42:10+00:00","author":{"@id":"https:\/\/www.anskar.de\/marburg\/#\/schema\/person\/0feaf8645c53aa82fe0ef73f9e9b6599"},"breadcrumb":{"@id":"https:\/\/www.anskar.de\/marburg\/2023\/09\/01\/auf-ein-wort-meinung\/#breadcrumb"},"inLanguage":"de","potentialAction":[{"@type":"ReadAction","target":["https:\/\/www.anskar.de\/marburg\/2023\/09\/01\/auf-ein-wort-meinung\/"]}]},{"@type":"ImageObject","inLanguage":"de","@id":"https:\/\/www.anskar.de\/marburg\/2023\/09\/01\/auf-ein-wort-meinung\/#primaryimage","url":"https:\/\/www.anskar.de\/marburg\/wp-content\/uploads\/sites\/4\/2023\/07\/question-gda68cddcb_1280.jpg","contentUrl":"https:\/\/www.anskar.de\/marburg\/wp-content\/uploads\/sites\/4\/2023\/07\/question-gda68cddcb_1280.jpg","width":1280,"height":749},{"@type":"BreadcrumbList","@id":"https:\/\/www.anskar.de\/marburg\/2023\/09\/01\/auf-ein-wort-meinung\/#breadcrumb","itemListElement":[{"@type":"ListItem","position":1,"name":"Startseite","item":"https:\/\/www.anskar.de\/marburg\/"},{"@type":"ListItem","position":2,"name":"Auf ein Wort: Meinung"}]},{"@type":"WebSite","@id":"https:\/\/www.anskar.de\/marburg\/#website","url":"https:\/\/www.anskar.de\/marburg\/","name":"Anskar-Kirche Marburg","description":"Internationale Gemeinde","potentialAction":[{"@type":"SearchAction","target":{"@type":"EntryPoint","urlTemplate":"https:\/\/www.anskar.de\/marburg\/?s={search_term_string}"},"query-input":{"@type":"PropertyValueSpecification","valueRequired":true,"valueName":"search_term_string"}}],"inLanguage":"de"},{"@type":"Person","@id":"https:\/\/www.anskar.de\/marburg\/#\/schema\/person\/0feaf8645c53aa82fe0ef73f9e9b6599","name":"alexanderhirsch","image":{"@type":"ImageObject","inLanguage":"de","@id":"https:\/\/www.anskar.de\/marburg\/#\/schema\/person\/image\/","url":"https:\/\/secure.gravatar.com\/avatar\/877acaf6a4fbc06969a1f855229c8e51?s=96&d=mm&r=g","contentUrl":"https:\/\/secure.gravatar.com\/avatar\/877acaf6a4fbc06969a1f855229c8e51?s=96&d=mm&r=g","caption":"alexanderhirsch"},"url":"https:\/\/www.anskar.de\/marburg\/author\/alexanderhirsch\/"}]}},"_links":{"self":[{"href":"https:\/\/www.anskar.de\/marburg\/wp-json\/wp\/v2\/posts\/3837","targetHints":{"allow":["GET"]}}],"collection":[{"href":"https:\/\/www.anskar.de\/marburg\/wp-json\/wp\/v2\/posts"}],"about":[{"href":"https:\/\/www.anskar.de\/marburg\/wp-json\/wp\/v2\/types\/post"}],"author":[{"embeddable":true,"href":"https:\/\/www.anskar.de\/marburg\/wp-json\/wp\/v2\/users\/3"}],"replies":[{"embeddable":true,"href":"https:\/\/www.anskar.de\/marburg\/wp-json\/wp\/v2\/comments?post=3837"}],"version-history":[{"count":1,"href":"https:\/\/www.anskar.de\/marburg\/wp-json\/wp\/v2\/posts\/3837\/revisions"}],"predecessor-version":[{"id":3839,"href":"https:\/\/www.anskar.de\/marburg\/wp-json\/wp\/v2\/posts\/3837\/revisions\/3839"}],"wp:featuredmedia":[{"embeddable":true,"href":"https:\/\/www.anskar.de\/marburg\/wp-json\/wp\/v2\/media\/3838"}],"wp:attachment":[{"href":"https:\/\/www.anskar.de\/marburg\/wp-json\/wp\/v2\/media?parent=3837"}],"wp:term":[{"taxonomy":"category","embeddable":true,"href":"https:\/\/www.anskar.de\/marburg\/wp-json\/wp\/v2\/categories?post=3837"},{"taxonomy":"post_tag","embeddable":true,"href":"https:\/\/www.anskar.de\/marburg\/wp-json\/wp\/v2\/tags?post=3837"}],"curies":[{"name":"wp","href":"https:\/\/api.w.org\/{rel}","templated":true}]}}