{"id":4461,"date":"2026-04-15T14:39:35","date_gmt":"2026-04-15T12:39:35","guid":{"rendered":"https:\/\/www.anskar.de\/marburg\/?p=4461"},"modified":"2026-04-15T14:39:35","modified_gmt":"2026-04-15T12:39:35","slug":"3-5-16-uhr-gottesdienst","status":"publish","type":"post","link":"https:\/\/www.anskar.de\/marburg\/2026\/04\/15\/3-5-16-uhr-gottesdienst\/","title":{"rendered":"3.5. 16 Uhr Gottesdienst"},"content":{"rendered":"<p><strong>Wir feiern Gottesdienst um 16 Uhr!<\/strong> Herzliche Einladung, dabei zu sein!<\/p>\n<p><strong>Predigt: <\/strong>Christoph Bergfeld<br \/>\n<strong>Leitung<\/strong>: Yvonne Costi<\/p>\n<p>In diesem Gottesdienst gibt es keinen Kindergottesdienst.\u00a0Kinder sind immer willkommen!<br \/>\nIm Anschluss an den Gottesdienst gibt es das Angebot, f\u00fcr sich beten zu lassen.<br \/>\nIm Anschluss an diesen Gottesdienst gibt es <strong>Bistro<\/strong>. Wir freuen uns \u00fcber Kuchen und Nachtische f\u00fcrs Bring &amp; Share Buffet, helfende H\u00e4nde beim Aufbau (ab 15.15 Uhr) und beim Aufr\u00e4umen hinterher!<\/p>\n<p>Foto von <a href=\"https:\/\/unsplash.com\/es\/@mcnarra?utm_source=unsplash&amp;utm_medium=referral&amp;utm_content=creditCopyText\">Mic Narra<\/a> auf <a href=\"https:\/\/unsplash.com\/de\/fotos\/RA3f0b26qwE?utm_source=unsplash&amp;utm_medium=referral&amp;utm_content=creditCopyText\">Unsplash<\/a><\/p>\n","protected":false},"excerpt":{"rendered":"<p>Wir feiern Gottesdienst um 16 Uhr! Herzliche Einladung, dabei zu sein! Predigt: Christoph Bergfeld Leitung: Yvonne Costi In diesem Gottesdienst gibt es keinen Kindergottesdienst.\u00a0Kinder sind immer willkommen! Im Anschluss an [&hellip;]<\/p>\n","protected":false},"author":3,"featured_media":3751,"comment_status":"open","ping_status":"open","sticky":false,"template":"","format":"standard","meta":{"_et_pb_use_builder":"","_et_pb_old_content":"","_et_gb_content_width":"","footnotes":""},"categories":[219],"tags":[77,49,42,36,198,236],"class_list":["post-4461","post","type-post","status-publish","format-standard","has-post-thumbnail","hentry","category-gottesdienst","tag-abendmahl","tag-anbetung","tag-gebet","tag-gottesdienst","tag-lobpreis","tag-predigt"],"yoast_head":"<!-- This site is optimized with the Yoast SEO plugin v24.6 - https:\/\/yoast.com\/wordpress\/plugins\/seo\/ -->\n<title>3.5. 16 Uhr Gottesdienst - Anskar-Kirche Marburg<\/title>\n<meta name=\"robots\" content=\"index, follow, max-snippet:-1, max-image-preview:large, max-video-preview:-1\" \/>\n<link rel=\"canonical\" href=\"https:\/\/www.anskar.de\/marburg\/2026\/04\/15\/3-5-16-uhr-gottesdienst\/\" \/>\n<meta property=\"og:locale\" content=\"de_DE\" \/>\n<meta property=\"og:type\" content=\"article\" \/>\n<meta property=\"og:title\" content=\"3.5. 16 Uhr Gottesdienst - Anskar-Kirche Marburg\" \/>\n<meta property=\"og:description\" content=\"Wir feiern Gottesdienst um 16 Uhr! Herzliche Einladung, dabei zu sein! Predigt: Christoph Bergfeld Leitung: Yvonne Costi In diesem Gottesdienst gibt es keinen Kindergottesdienst.\u00a0Kinder sind immer willkommen! Im Anschluss an [&hellip;]\" \/>\n<meta property=\"og:url\" content=\"https:\/\/www.anskar.de\/marburg\/2026\/04\/15\/3-5-16-uhr-gottesdienst\/\" \/>\n<meta property=\"og:site_name\" content=\"Anskar-Kirche Marburg\" \/>\n<meta property=\"article:published_time\" content=\"2026-04-15T12:39:35+00:00\" \/>\n<meta property=\"og:image\" content=\"https:\/\/www.anskar.de\/marburg\/wp-content\/uploads\/sites\/4\/2023\/04\/mic-narra-RA3f0b26qwE-unsplash-scaled.jpg\" \/>\n\t<meta property=\"og:image:width\" content=\"1500\" \/>\n\t<meta property=\"og:image:height\" content=\"1000\" \/>\n\t<meta property=\"og:image:type\" content=\"image\/jpeg\" \/>\n<meta name=\"author\" content=\"alexanderhirsch\" \/>\n<meta name=\"twitter:card\" content=\"summary_large_image\" \/>\n<meta name=\"twitter:label1\" content=\"Verfasst von\" \/>\n\t<meta name=\"twitter:data1\" content=\"alexanderhirsch\" \/>\n\t<meta name=\"twitter:label2\" content=\"Gesch\u00e4tzte Lesezeit\" \/>\n\t<meta name=\"twitter:data2\" content=\"1\u00a0Minute\" \/>\n<script type=\"application\/ld+json\" class=\"yoast-schema-graph\">{\"@context\":\"https:\/\/schema.org\",\"@graph\":[{\"@type\":\"WebPage\",\"@id\":\"https:\/\/www.anskar.de\/marburg\/2026\/04\/15\/3-5-16-uhr-gottesdienst\/\",\"url\":\"https:\/\/www.anskar.de\/marburg\/2026\/04\/15\/3-5-16-uhr-gottesdienst\/\",\"name\":\"3.5. 16 Uhr Gottesdienst - Anskar-Kirche Marburg\",\"isPartOf\":{\"@id\":\"https:\/\/www.anskar.de\/marburg\/#website\"},\"primaryImageOfPage\":{\"@id\":\"https:\/\/www.anskar.de\/marburg\/2026\/04\/15\/3-5-16-uhr-gottesdienst\/#primaryimage\"},\"image\":{\"@id\":\"https:\/\/www.anskar.de\/marburg\/2026\/04\/15\/3-5-16-uhr-gottesdienst\/#primaryimage\"},\"thumbnailUrl\":\"https:\/\/www.anskar.de\/marburg\/wp-content\/uploads\/sites\/4\/2023\/04\/mic-narra-RA3f0b26qwE-unsplash-scaled.jpg\",\"datePublished\":\"2026-04-15T12:39:35+00:00\",\"author\":{\"@id\":\"https:\/\/www.anskar.de\/marburg\/#\/schema\/person\/0feaf8645c53aa82fe0ef73f9e9b6599\"},\"breadcrumb\":{\"@id\":\"https:\/\/www.anskar.de\/marburg\/2026\/04\/15\/3-5-16-uhr-gottesdienst\/#breadcrumb\"},\"inLanguage\":\"de\",\"potentialAction\":[{\"@type\":\"ReadAction\",\"target\":[\"https:\/\/www.anskar.de\/marburg\/2026\/04\/15\/3-5-16-uhr-gottesdienst\/\"]}]},{\"@type\":\"ImageObject\",\"inLanguage\":\"de\",\"@id\":\"https:\/\/www.anskar.de\/marburg\/2026\/04\/15\/3-5-16-uhr-gottesdienst\/#primaryimage\",\"url\":\"https:\/\/www.anskar.de\/marburg\/wp-content\/uploads\/sites\/4\/2023\/04\/mic-narra-RA3f0b26qwE-unsplash-scaled.jpg\",\"contentUrl\":\"https:\/\/www.anskar.de\/marburg\/wp-content\/uploads\/sites\/4\/2023\/04\/mic-narra-RA3f0b26qwE-unsplash-scaled.jpg\",\"width\":1500,\"height\":1000},{\"@type\":\"BreadcrumbList\",\"@id\":\"https:\/\/www.anskar.de\/marburg\/2026\/04\/15\/3-5-16-uhr-gottesdienst\/#breadcrumb\",\"itemListElement\":[{\"@type\":\"ListItem\",\"position\":1,\"name\":\"Startseite\",\"item\":\"https:\/\/www.anskar.de\/marburg\/\"},{\"@type\":\"ListItem\",\"position\":2,\"name\":\"3.5. 16 Uhr Gottesdienst\"}]},{\"@type\":\"WebSite\",\"@id\":\"https:\/\/www.anskar.de\/marburg\/#website\",\"url\":\"https:\/\/www.anskar.de\/marburg\/\",\"name\":\"Anskar-Kirche Marburg\",\"description\":\"Internationale Gemeinde\",\"potentialAction\":[{\"@type\":\"SearchAction\",\"target\":{\"@type\":\"EntryPoint\",\"urlTemplate\":\"https:\/\/www.anskar.de\/marburg\/?s={search_term_string}\"},\"query-input\":{\"@type\":\"PropertyValueSpecification\",\"valueRequired\":true,\"valueName\":\"search_term_string\"}}],\"inLanguage\":\"de\"},{\"@type\":\"Person\",\"@id\":\"https:\/\/www.anskar.de\/marburg\/#\/schema\/person\/0feaf8645c53aa82fe0ef73f9e9b6599\",\"name\":\"alexanderhirsch\",\"image\":{\"@type\":\"ImageObject\",\"inLanguage\":\"de\",\"@id\":\"https:\/\/www.anskar.de\/marburg\/#\/schema\/person\/image\/\",\"url\":\"https:\/\/secure.gravatar.com\/avatar\/877acaf6a4fbc06969a1f855229c8e51?s=96&d=mm&r=g\",\"contentUrl\":\"https:\/\/secure.gravatar.com\/avatar\/877acaf6a4fbc06969a1f855229c8e51?s=96&d=mm&r=g\",\"caption\":\"alexanderhirsch\"},\"url\":\"https:\/\/www.anskar.de\/marburg\/author\/alexanderhirsch\/\"}]}<\/script>\n<!-- \/ Yoast SEO plugin. -->","yoast_head_json":{"title":"3.5. 16 Uhr Gottesdienst - Anskar-Kirche Marburg","robots":{"index":"index","follow":"follow","max-snippet":"max-snippet:-1","max-image-preview":"max-image-preview:large","max-video-preview":"max-video-preview:-1"},"canonical":"https:\/\/www.anskar.de\/marburg\/2026\/04\/15\/3-5-16-uhr-gottesdienst\/","og_locale":"de_DE","og_type":"article","og_title":"3.5. 16 Uhr Gottesdienst - Anskar-Kirche Marburg","og_description":"Wir feiern Gottesdienst um 16 Uhr! Herzliche Einladung, dabei zu sein! Predigt: Christoph Bergfeld Leitung: Yvonne Costi In diesem Gottesdienst gibt es keinen Kindergottesdienst.\u00a0Kinder sind immer willkommen! Im Anschluss an [&hellip;]","og_url":"https:\/\/www.anskar.de\/marburg\/2026\/04\/15\/3-5-16-uhr-gottesdienst\/","og_site_name":"Anskar-Kirche Marburg","article_published_time":"2026-04-15T12:39:35+00:00","og_image":[{"width":1500,"height":1000,"url":"https:\/\/www.anskar.de\/marburg\/wp-content\/uploads\/sites\/4\/2023\/04\/mic-narra-RA3f0b26qwE-unsplash-scaled.jpg","type":"image\/jpeg"}],"author":"alexanderhirsch","twitter_card":"summary_large_image","twitter_misc":{"Verfasst von":"alexanderhirsch","Gesch\u00e4tzte Lesezeit":"1\u00a0Minute"},"schema":{"@context":"https:\/\/schema.org","@graph":[{"@type":"WebPage","@id":"https:\/\/www.anskar.de\/marburg\/2026\/04\/15\/3-5-16-uhr-gottesdienst\/","url":"https:\/\/www.anskar.de\/marburg\/2026\/04\/15\/3-5-16-uhr-gottesdienst\/","name":"3.5. 16 Uhr Gottesdienst - Anskar-Kirche Marburg","isPartOf":{"@id":"https:\/\/www.anskar.de\/marburg\/#website"},"primaryImageOfPage":{"@id":"https:\/\/www.anskar.de\/marburg\/2026\/04\/15\/3-5-16-uhr-gottesdienst\/#primaryimage"},"image":{"@id":"https:\/\/www.anskar.de\/marburg\/2026\/04\/15\/3-5-16-uhr-gottesdienst\/#primaryimage"},"thumbnailUrl":"https:\/\/www.anskar.de\/marburg\/wp-content\/uploads\/sites\/4\/2023\/04\/mic-narra-RA3f0b26qwE-unsplash-scaled.jpg","datePublished":"2026-04-15T12:39:35+00:00","author":{"@id":"https:\/\/www.anskar.de\/marburg\/#\/schema\/person\/0feaf8645c53aa82fe0ef73f9e9b6599"},"breadcrumb":{"@id":"https:\/\/www.anskar.de\/marburg\/2026\/04\/15\/3-5-16-uhr-gottesdienst\/#breadcrumb"},"inLanguage":"de","potentialAction":[{"@type":"ReadAction","target":["https:\/\/www.anskar.de\/marburg\/2026\/04\/15\/3-5-16-uhr-gottesdienst\/"]}]},{"@type":"ImageObject","inLanguage":"de","@id":"https:\/\/www.anskar.de\/marburg\/2026\/04\/15\/3-5-16-uhr-gottesdienst\/#primaryimage","url":"https:\/\/www.anskar.de\/marburg\/wp-content\/uploads\/sites\/4\/2023\/04\/mic-narra-RA3f0b26qwE-unsplash-scaled.jpg","contentUrl":"https:\/\/www.anskar.de\/marburg\/wp-content\/uploads\/sites\/4\/2023\/04\/mic-narra-RA3f0b26qwE-unsplash-scaled.jpg","width":1500,"height":1000},{"@type":"BreadcrumbList","@id":"https:\/\/www.anskar.de\/marburg\/2026\/04\/15\/3-5-16-uhr-gottesdienst\/#breadcrumb","itemListElement":[{"@type":"ListItem","position":1,"name":"Startseite","item":"https:\/\/www.anskar.de\/marburg\/"},{"@type":"ListItem","position":2,"name":"3.5. 16 Uhr Gottesdienst"}]},{"@type":"WebSite","@id":"https:\/\/www.anskar.de\/marburg\/#website","url":"https:\/\/www.anskar.de\/marburg\/","name":"Anskar-Kirche Marburg","description":"Internationale Gemeinde","potentialAction":[{"@type":"SearchAction","target":{"@type":"EntryPoint","urlTemplate":"https:\/\/www.anskar.de\/marburg\/?s={search_term_string}"},"query-input":{"@type":"PropertyValueSpecification","valueRequired":true,"valueName":"search_term_string"}}],"inLanguage":"de"},{"@type":"Person","@id":"https:\/\/www.anskar.de\/marburg\/#\/schema\/person\/0feaf8645c53aa82fe0ef73f9e9b6599","name":"alexanderhirsch","image":{"@type":"ImageObject","inLanguage":"de","@id":"https:\/\/www.anskar.de\/marburg\/#\/schema\/person\/image\/","url":"https:\/\/secure.gravatar.com\/avatar\/877acaf6a4fbc06969a1f855229c8e51?s=96&d=mm&r=g","contentUrl":"https:\/\/secure.gravatar.com\/avatar\/877acaf6a4fbc06969a1f855229c8e51?s=96&d=mm&r=g","caption":"alexanderhirsch"},"url":"https:\/\/www.anskar.de\/marburg\/author\/alexanderhirsch\/"}]}},"_links":{"self":[{"href":"https:\/\/www.anskar.de\/marburg\/wp-json\/wp\/v2\/posts\/4461","targetHints":{"allow":["GET"]}}],"collection":[{"href":"https:\/\/www.anskar.de\/marburg\/wp-json\/wp\/v2\/posts"}],"about":[{"href":"https:\/\/www.anskar.de\/marburg\/wp-json\/wp\/v2\/types\/post"}],"author":[{"embeddable":true,"href":"https:\/\/www.anskar.de\/marburg\/wp-json\/wp\/v2\/users\/3"}],"replies":[{"embeddable":true,"href":"https:\/\/www.anskar.de\/marburg\/wp-json\/wp\/v2\/comments?post=4461"}],"version-history":[{"count":1,"href":"https:\/\/www.anskar.de\/marburg\/wp-json\/wp\/v2\/posts\/4461\/revisions"}],"predecessor-version":[{"id":4462,"href":"https:\/\/www.anskar.de\/marburg\/wp-json\/wp\/v2\/posts\/4461\/revisions\/4462"}],"wp:featuredmedia":[{"embeddable":true,"href":"https:\/\/www.anskar.de\/marburg\/wp-json\/wp\/v2\/media\/3751"}],"wp:attachment":[{"href":"https:\/\/www.anskar.de\/marburg\/wp-json\/wp\/v2\/media?parent=4461"}],"wp:term":[{"taxonomy":"category","embeddable":true,"href":"https:\/\/www.anskar.de\/marburg\/wp-json\/wp\/v2\/categories?post=4461"},{"taxonomy":"post_tag","embeddable":true,"href":"https:\/\/www.anskar.de\/marburg\/wp-json\/wp\/v2\/tags?post=4461"}],"curies":[{"name":"wp","href":"https:\/\/api.w.org\/{rel}","templated":true}]}}